{"id":1256,"date":"2019-06-10T14:44:50","date_gmt":"2019-06-10T12:44:50","guid":{"rendered":"http:\/\/www.swissdiscgolf.ch\/walk\/walk17\/?p=1256"},"modified":"2019-06-10T14:52:54","modified_gmt":"2019-06-10T12:52:54","slug":"spring-clang-2019-2","status":"publish","type":"post","link":"https:\/\/www.discgolfbern.ch\/index.php\/spring-clang-2019-2\/","title":{"rendered":"Spring Clang 2019"},"content":{"rendered":"<p>Gestern Samstag war die Swiss Tour im Rahmen des Spring Clang 2019 zu Gast auf unserem sch\u00f6nen Hausberg. Da es noch einige Spieler auf der Warteliste gab, wurde der Parcours kurzfristig um eine 14. Bahn (s&#8217;Iseb\u00e4hnli) erg\u00e4nzt. Somit durften wir insgesamt 55 SpielerInnen auf dem Gurten begr\u00fcssen.<\/p>\n<p><a name=\"_GoBack\"><\/a> Mit dem Wetter hatten wir Gl\u00fcck: am Vortag hatte es beim Aufbau des Parcours teilweise noch geregnet. Am Spieltag schien den ganzen Tag die Sonne und trotzdem war es nicht allzu warm. Abgesehen von ein paar B\u00f6hen also gutes Disc Golf Wetter. Und auch mit den Gurten-Besuchern hatten wir Gl\u00fcck: der Auflauf hielt sich in Grenzen und die Fairways waren die meisten Zeit frei und spielbar.<\/p>\n<p>Gespielt wurden insgesamt drei Runden. Nach zwei Runden am Vormittag und einer St\u00e4rkung am Mittag wurde am Nachmittag noch die Dritte Runde gespielt.<\/p>\n<p>Die neue Bahn 3 hat sich wie erwartet als Herausforderung erwiesen. Es gab viele Bogeys (oder mehr) und insgesamt nur 4 Birdies. Gratulation an Michael Krauer, Pete Leuenberger und Emile Barbe (Birdie in der 1. und 3. Runde!).<\/p>\n<p>&nbsp;<\/p>\n<p>Am Ende setzten sich folgende SpielerInnen durch:<\/p>\n<p>Open:<br \/>\n<img loading=\"lazy\" decoding=\"async\" class=\"alignnone size-medium wp-image-1257\" src=\"https:\/\/www.discgolfbern.ch\/walk\/walk17\/wp-content\/uploads\/2019\/06\/P1090914-300x225.jpeg\" alt=\"\" width=\"300\" height=\"225\" srcset=\"https:\/\/www.discgolfbern.ch\/walk\/walk17\/wp-content\/uploads\/2019\/06\/P1090914-300x225.jpeg 300w, https:\/\/www.discgolfbern.ch\/walk\/walk17\/wp-content\/uploads\/2019\/06\/P1090914-768x576.jpeg 768w, https:\/\/www.discgolfbern.ch\/walk\/walk17\/wp-content\/uploads\/2019\/06\/P1090914-150x113.jpeg 150w, https:\/\/www.discgolfbern.ch\/walk\/walk17\/wp-content\/uploads\/2019\/06\/P1090914.jpeg 800w\" sizes=\"(max-width: 300px) 100vw, 300px\" \/><\/p>\n<p>1. Tony Ferro, 2. Stephan M\u00fcller, 3. Andreas Gertsch<\/p>\n<p>Woman:<br \/>\n<img loading=\"lazy\" decoding=\"async\" class=\"alignnone size-medium wp-image-1255\" src=\"https:\/\/www.discgolfbern.ch\/walk\/walk17\/wp-content\/uploads\/2019\/06\/P1090909-300x225.jpeg\" alt=\"\" width=\"300\" height=\"225\" srcset=\"https:\/\/www.discgolfbern.ch\/walk\/walk17\/wp-content\/uploads\/2019\/06\/P1090909-300x225.jpeg 300w, https:\/\/www.discgolfbern.ch\/walk\/walk17\/wp-content\/uploads\/2019\/06\/P1090909-768x576.jpeg 768w, https:\/\/www.discgolfbern.ch\/walk\/walk17\/wp-content\/uploads\/2019\/06\/P1090909-150x113.jpeg 150w, https:\/\/www.discgolfbern.ch\/walk\/walk17\/wp-content\/uploads\/2019\/06\/P1090909.jpeg 800w\" sizes=\"(max-width: 300px) 100vw, 300px\" \/><\/p>\n<p>1. Tabea Wallus, 2. Mena Leuenberger, 3. Julia Burkhardt<\/p>\n<p>Woman Senior Grandmaster:<br \/>\n<img loading=\"lazy\" decoding=\"async\" class=\"alignnone size-medium wp-image-1250\" src=\"https:\/\/www.discgolfbern.ch\/walk\/walk17\/wp-content\/uploads\/2019\/06\/P1090903-300x225.jpeg\" alt=\"\" width=\"300\" height=\"225\" srcset=\"https:\/\/www.discgolfbern.ch\/walk\/walk17\/wp-content\/uploads\/2019\/06\/P1090903-300x225.jpeg 300w, https:\/\/www.discgolfbern.ch\/walk\/walk17\/wp-content\/uploads\/2019\/06\/P1090903-768x576.jpeg 768w, https:\/\/www.discgolfbern.ch\/walk\/walk17\/wp-content\/uploads\/2019\/06\/P1090903-150x113.jpeg 150w, https:\/\/www.discgolfbern.ch\/walk\/walk17\/wp-content\/uploads\/2019\/06\/P1090903.jpeg 800w\" sizes=\"(max-width: 300px) 100vw, 300px\" \/><\/p>\n<p>1. Theresia Merz<\/p>\n<p>Master:<\/p>\n<p><img loading=\"lazy\" decoding=\"async\" class=\"alignnone size-medium wp-image-1253\" src=\"https:\/\/www.discgolfbern.ch\/walk\/walk17\/wp-content\/uploads\/2019\/06\/P1090906-300x225.jpeg\" alt=\"\" width=\"300\" height=\"225\" srcset=\"https:\/\/www.discgolfbern.ch\/walk\/walk17\/wp-content\/uploads\/2019\/06\/P1090906-300x225.jpeg 300w, https:\/\/www.discgolfbern.ch\/walk\/walk17\/wp-content\/uploads\/2019\/06\/P1090906-768x576.jpeg 768w, https:\/\/www.discgolfbern.ch\/walk\/walk17\/wp-content\/uploads\/2019\/06\/P1090906-150x113.jpeg 150w, https:\/\/www.discgolfbern.ch\/walk\/walk17\/wp-content\/uploads\/2019\/06\/P1090906.jpeg 800w\" sizes=\"(max-width: 300px) 100vw, 300px\" \/><\/p>\n<p>1. Geni Odermatt, 2. Samuel Baumgartner, 3. Michael Krauer<\/p>\n<p>Grandmaster:<br \/>\n<img loading=\"lazy\" decoding=\"async\" class=\"alignnone size-medium wp-image-1252\" src=\"https:\/\/www.discgolfbern.ch\/walk\/walk17\/wp-content\/uploads\/2019\/06\/P1090905-300x225.jpeg\" alt=\"\" width=\"300\" height=\"225\" srcset=\"https:\/\/www.discgolfbern.ch\/walk\/walk17\/wp-content\/uploads\/2019\/06\/P1090905-300x225.jpeg 300w, https:\/\/www.discgolfbern.ch\/walk\/walk17\/wp-content\/uploads\/2019\/06\/P1090905-768x576.jpeg 768w, https:\/\/www.discgolfbern.ch\/walk\/walk17\/wp-content\/uploads\/2019\/06\/P1090905-150x113.jpeg 150w, https:\/\/www.discgolfbern.ch\/walk\/walk17\/wp-content\/uploads\/2019\/06\/P1090905.jpeg 800w\" sizes=\"(max-width: 300px) 100vw, 300px\" \/><\/p>\n<p>1. Paul Francz, 2. Bernard Kaeser, 3. Richard Kreifeur<\/p>\n<p>Senior Grandmaster:<br \/>\n<img loading=\"lazy\" decoding=\"async\" class=\"alignnone size-medium wp-image-1251\" src=\"https:\/\/www.discgolfbern.ch\/walk\/walk17\/wp-content\/uploads\/2019\/06\/P1090904-300x225.jpeg\" alt=\"\" width=\"300\" height=\"225\" srcset=\"https:\/\/www.discgolfbern.ch\/walk\/walk17\/wp-content\/uploads\/2019\/06\/P1090904-300x225.jpeg 300w, https:\/\/www.discgolfbern.ch\/walk\/walk17\/wp-content\/uploads\/2019\/06\/P1090904-768x576.jpeg 768w, https:\/\/www.discgolfbern.ch\/walk\/walk17\/wp-content\/uploads\/2019\/06\/P1090904-150x113.jpeg 150w, https:\/\/www.discgolfbern.ch\/walk\/walk17\/wp-content\/uploads\/2019\/06\/P1090904.jpeg 800w\" sizes=\"(max-width: 300px) 100vw, 300px\" \/><\/p>\n<p>1. Benji Schneider, 2. Werner Kuster, 3. Francesco Puliafito<\/p>\n<p>Junioren:<br \/>\n<img loading=\"lazy\" decoding=\"async\" class=\"alignnone size-medium wp-image-1254\" src=\"https:\/\/www.discgolfbern.ch\/walk\/walk17\/wp-content\/uploads\/2019\/06\/P1090908-300x225.jpeg\" alt=\"\" width=\"300\" height=\"225\" srcset=\"https:\/\/www.discgolfbern.ch\/walk\/walk17\/wp-content\/uploads\/2019\/06\/P1090908-300x225.jpeg 300w, https:\/\/www.discgolfbern.ch\/walk\/walk17\/wp-content\/uploads\/2019\/06\/P1090908-768x576.jpeg 768w, https:\/\/www.discgolfbern.ch\/walk\/walk17\/wp-content\/uploads\/2019\/06\/P1090908-150x113.jpeg 150w, https:\/\/www.discgolfbern.ch\/walk\/walk17\/wp-content\/uploads\/2019\/06\/P1090908.jpeg 800w\" sizes=\"(max-width: 300px) 100vw, 300px\" \/><\/p>\n<p>1. Florian Angermann, 2. Lino Tresch, 3. Luke Ferro<\/p>\n<p>Samuel Zurfl\u00fch hat den CTP mit 12 cm an der Bahn 12 gewonnen.<br \/>\n<img loading=\"lazy\" decoding=\"async\" class=\"alignnone size-medium wp-image-1249\" src=\"https:\/\/www.discgolfbern.ch\/walk\/walk17\/wp-content\/uploads\/2019\/06\/P1090900-300x225.jpeg\" alt=\"\" width=\"300\" height=\"225\" srcset=\"https:\/\/www.discgolfbern.ch\/walk\/walk17\/wp-content\/uploads\/2019\/06\/P1090900-300x225.jpeg 300w, https:\/\/www.discgolfbern.ch\/walk\/walk17\/wp-content\/uploads\/2019\/06\/P1090900-768x576.jpeg 768w, https:\/\/www.discgolfbern.ch\/walk\/walk17\/wp-content\/uploads\/2019\/06\/P1090900-150x113.jpeg 150w, https:\/\/www.discgolfbern.ch\/walk\/walk17\/wp-content\/uploads\/2019\/06\/P1090900.jpeg 800w\" sizes=\"(max-width: 300px) 100vw, 300px\" \/><\/p>\n<p>Vielen Dank an alle, die Rund um das Spring Clang mitgeholfen haben, sei es beim Aufbau und Abbau, als SpotterIn oder in sonstiger Weise.<\/p>\n","protected":false},"excerpt":{"rendered":"<p>Gestern Samstag war die Swiss Tour im Rahmen des Spring Clang 2019 zu Gast auf unserem sch\u00f6nen Hausberg. Da es\u2026<\/p>\n<p class=\"continue-reading-button\"> <a class=\"continue-reading-link\" href=\"https:\/\/www.discgolfbern.ch\/index.php\/spring-clang-2019-2\/\">weiterlesen<i class=\"crycon-right-dir\"><\/i><\/a><\/p>\n","protected":false},"author":2,"featured_media":1248,"comment_status":"closed","ping_status":"closed","sticky":false,"template":"","format":"standard","meta":{"footnotes":""},"categories":[1],"tags":[],"class_list":["post-1256","post","type-post","status-publish","format-standard","has-post-thumbnail","hentry","category-allgemein"],"_links":{"self":[{"href":"https:\/\/www.discgolfbern.ch\/index.php\/wp-json\/wp\/v2\/posts\/1256"}],"collection":[{"href":"https:\/\/www.discgolfbern.ch\/index.php\/wp-json\/wp\/v2\/posts"}],"about":[{"href":"https:\/\/www.discgolfbern.ch\/index.php\/wp-json\/wp\/v2\/types\/post"}],"author":[{"embeddable":true,"href":"https:\/\/www.discgolfbern.ch\/index.php\/wp-json\/wp\/v2\/users\/2"}],"replies":[{"embeddable":true,"href":"https:\/\/www.discgolfbern.ch\/index.php\/wp-json\/wp\/v2\/comments?post=1256"}],"version-history":[{"count":1,"href":"https:\/\/www.discgolfbern.ch\/index.php\/wp-json\/wp\/v2\/posts\/1256\/revisions"}],"predecessor-version":[{"id":1258,"href":"https:\/\/www.discgolfbern.ch\/index.php\/wp-json\/wp\/v2\/posts\/1256\/revisions\/1258"}],"wp:featuredmedia":[{"embeddable":true,"href":"https:\/\/www.discgolfbern.ch\/index.php\/wp-json\/wp\/v2\/media\/1248"}],"wp:attachment":[{"href":"https:\/\/www.discgolfbern.ch\/index.php\/wp-json\/wp\/v2\/media?parent=1256"}],"wp:term":[{"taxonomy":"category","embeddable":true,"href":"https:\/\/www.discgolfbern.ch\/index.php\/wp-json\/wp\/v2\/categories?post=1256"},{"taxonomy":"post_tag","embeddable":true,"href":"https:\/\/www.discgolfbern.ch\/index.php\/wp-json\/wp\/v2\/tags?post=1256"}],"curies":[{"name":"wp","href":"https:\/\/api.w.org\/{rel}","templated":true}]}}